{"id":303,"date":"2016-03-17T16:23:05","date_gmt":"2016-03-17T15:23:05","guid":{"rendered":"http:\/\/www.mbp-foundation.org\/?p=303"},"modified":"2016-11-10T15:54:01","modified_gmt":"2016-11-10T14:54:01","slug":"sos-kinderdorf-mertzig","status":"publish","type":"post","link":"https:\/\/www.mbp-foundation.org\/?p=303","title":{"rendered":"SOS Kinderdorf Merzig"},"content":{"rendered":"<p style=\"text-align: justify;\">Die Martine &amp; Bertram Pohl Foundation unterst\u00fctzt seit 2009 das SOS-Kinderdorf Merzig im Saarland und finanziert <strong>eine<\/strong> <strong>Therapeutenstelle<\/strong> in Bezug auf <strong>tiergest\u00fctzte Therapie <\/strong>f<img loading=\"lazy\" decoding=\"async\" class=\"alignright size-full wp-image-1294\" src=\"http:\/\/www.mbp-foundation.org\/wp-content\/uploads\/2016\/03\/noteselhilfe_blog.jpg\" alt=\"noteselhilfe_blog\" width=\"250\" height=\"188\" \/>\u00fcr Kinder und Jugendliche. Tiergest\u00fctzte Therapie umfasst p\u00e4dagogische, psychologische, psychotherapeutische, rehabilitative und sozial-integrative Ma\u00dfnahmen, die \u00fcber das <strong>Medium Tier<\/strong> umgesetzt werden. Auf dem Kooperationsbauernhof im Nachbardorf warten Pferde und Esel auf den Kontakt mit den Kindern. Erg\u00e4nzend werden ebenfalls Aktivit\u00e4ten auf dem Hof und rund um das Thema Tiere und Natur durchgef\u00fchrt. Nachdem die Stiftung 2015 ein kleines <strong>Gartenh\u00e4uschen<\/strong> f\u00fcr das n\u00f6tige Material auf dem Hof gespendet hat, haben wir 2016 noch einen \u00fcberdachten <strong>Roundpen<\/strong> f\u00fcr die Arbeit mit den Tieren aufstellen lassen.<\/p>\n<p style=\"text-align: justify;\"><a href=\"http:\/\/www.sos-kinderdorf.de\/kinderdorf-saar\"><img loading=\"lazy\" decoding=\"async\" class=\"wp-image-1257 size-medium alignleft\" src=\"http:\/\/www.mbp-foundation.org\/wp-content\/uploads\/2016\/03\/sos_kinderdorf_saar_merzig-300x78.png\" alt=\"sos_kinderdorf_saar_merzig\" width=\"300\" height=\"78\" srcset=\"https:\/\/www.mbp-foundation.org\/wp-content\/uploads\/2016\/03\/sos_kinderdorf_saar_merzig-300x78.png 300w, https:\/\/www.mbp-foundation.org\/wp-content\/uploads\/2016\/03\/sos_kinderdorf_saar_merzig.png 454w\" sizes=\"auto, (max-width: 300px) 100vw, 300px\" \/><\/a>Das SOS-Kinderdorf Saar hat im Sommer 2015 unbegleitete minderj\u00e4hrige Fl\u00fccht\u00adlinge und Fl\u00fcchtlingsfamilien aufgenommen. Unbegleitete Jugendliche werden in Wohngemeinschaften untergebracht, die Fl\u00fcchtlinge erhalten Sprachunterricht und h\u00e4ufig auch psychologische Hilfe, damit sie die seelischen Wunden durch Krieg und Flucht m\u00f6glichst schnell \u00fcber\u00adwinden. Wir unterst\u00fctzen das SOS-Kinderdorf Saar bei dieser Herausforderung, indem wir die finanziellen Kosten f\u00fcr Sprachmittlerdienste tragen. Desweiteren haben wir einem jugendlichen Fl\u00fcchtling aktiv geholfen, seine starke H\u00f6rminderung zu verbessern und <strong>2 H\u00f6rger\u00e4te<\/strong> vermittelt. Damit sich die gefl\u00fcchteten Kinder sportlich bet\u00e4tigen k\u00f6nnen, wurden <strong>2 Tischtennisplatten inklusive Sportausr\u00fcstung<\/strong> besorgt.<\/p>\n<p style=\"text-align: justify;\">Elf Kinder und Jugendliche sowie drei Kinderdorfm\u00fctter aus dem SOS Kinderdorf Saar verbrachten im Sommer 2015 durch unsere Vermittlung eine wunderbare Zeit auf der Finca der Peter Maffay Stiftung auf Mallorca. W\u00e4hrend den Osterschulferien dieses Jahres verbrachte eine weitere Gruppe aus dem SOS Kinderdorf Saar im Tabalugahaus der Peter Maffay Stiftung am Maisinger See\/J\u00e4gersbrunn ebenfalls unbeschwerte sch\u00f6ne Tage.<\/p>\n<p style=\"text-align: justify;\"><strong>Weitere Informationen \u00fcber dieses Projekt:<\/strong><\/p>\n<p style=\"text-align: justify;\"><a href=\"http:\/\/www.sos-kinderdorf.de\/sos_kinderdorf_saar\" target=\"_blank\">www.sos-kinderdorf.de\/sos_kinderdorf_saar<\/a><\/p>\n<p style=\"text-align: justify;\"><a href=\"http:\/\/www.mbp-foundation.org\/wp-content\/uploads\/2016\/03\/SOS-KD_Mallorca-2015.pdf\">sos-kd_mallorca-2015<br \/>\n<\/a><a href=\"http:\/\/www.mbp-foundation.org\/wp-content\/uploads\/2016\/03\/SOS-KD_Maisinger-See-2016.pdf\">sos-kd_maisinger-see-2016<\/a><\/p>\n","protected":false},"excerpt":{"rendered":"<p>Die Martine &amp; Bertram Pohl Foundation unterst\u00fctzt seit 2009 das SOS-Kinderdorf Merzig im Saarland und finanziert eine Therapeutenstelle in Bezug auf tiergest\u00fctzte Therapie f\u00fcr Kinder und Jugendliche. Tiergest\u00fctzte Therapie umfasst p\u00e4dagogische, psychologische, psychotherapeutische, rehabilitative und sozial-integrative Ma\u00dfnahmen, die \u00fcber das Medium Tier umgesetzt werden. Auf dem Kooperationsbauernhof im Nachbardorf warten Pferde und Esel auf den [&hellip;]<\/p>\n","protected":false},"author":2,"featured_media":1259,"comment_status":"open","ping_status":"open","sticky":false,"template":"","format":"standard","meta":{"footnotes":""},"categories":[13],"tags":[],"class_list":["post-303","post","type-post","status-publish","format-standard","has-post-thumbnail","hentry","category-kinder"],"_links":{"self":[{"href":"https:\/\/www.mbp-foundation.org\/index.php?rest_route=\/wp\/v2\/posts\/303","targetHints":{"allow":["GET"]}}],"collection":[{"href":"https:\/\/www.mbp-foundation.org\/index.php?rest_route=\/wp\/v2\/posts"}],"about":[{"href":"https:\/\/www.mbp-foundation.org\/index.php?rest_route=\/wp\/v2\/types\/post"}],"author":[{"embeddable":true,"href":"https:\/\/www.mbp-foundation.org\/index.php?rest_route=\/wp\/v2\/users\/2"}],"replies":[{"embeddable":true,"href":"https:\/\/www.mbp-foundation.org\/index.php?rest_route=%2Fwp%2Fv2%2Fcomments&post=303"}],"version-history":[{"count":20,"href":"https:\/\/www.mbp-foundation.org\/index.php?rest_route=\/wp\/v2\/posts\/303\/revisions"}],"predecessor-version":[{"id":1841,"href":"https:\/\/www.mbp-foundation.org\/index.php?rest_route=\/wp\/v2\/posts\/303\/revisions\/1841"}],"wp:featuredmedia":[{"embeddable":true,"href":"https:\/\/www.mbp-foundation.org\/index.php?rest_route=\/wp\/v2\/media\/1259"}],"wp:attachment":[{"href":"https:\/\/www.mbp-foundation.org\/index.php?rest_route=%2Fwp%2Fv2%2Fmedia&parent=303"}],"wp:term":[{"taxonomy":"category","embeddable":true,"href":"https:\/\/www.mbp-foundation.org\/index.php?rest_route=%2Fwp%2Fv2%2Fcategories&post=303"},{"taxonomy":"post_tag","embeddable":true,"href":"https:\/\/www.mbp-foundation.org\/index.php?rest_route=%2Fwp%2Fv2%2Ftags&post=303"}],"curies":[{"name":"wp","href":"https:\/\/api.w.org\/{rel}","templated":true}]}}